{"provider_url": "https://www.pocone.mt.leg.br", "title": "VEREADOR \u00c9 CONVIDADO A EVENTO EM BRASILIA", "html": "<p>Vereador BENEDITO AUR\u00c9LIO - PP, foi convidado a evento realizado em Brasilia, onde foi realizado entrega pela MCom de Pr\u00eamio denominado \"PR\u00caMIO MARECHAL RONDON DE COMUNICA\u00c7\u00d5ES\", para autoridades e institui\u00e7\u00f5es. H<span>oje esse pr\u00eamio faz uma homenagem ao Marechal Rondon, que desbravou as fronteiras do Brasil, e se identifica muito com o Governo Federal que est\u00e1 desbravando as fronteiras digitais, levando internet para os brasileiros\", destacou.</span></p>\r\n<p>o Evento foi realizado no Audit\u00f3rio da Esplanada da Presid\u00eancia, vereador aproveitou e fez comprimentos ao Senador da Rep\u00fablica Fl\u00e1vio Bolsonaro, e ao Secret\u00e1rio de Comunica\u00e7\u00f5es F\u00e1bio Faria.</p>\r\n<p>Entre os homenageados, o presidente da Rep\u00fablica, Jair Messias Bolsonaro.\u00a0Faria lembrou a import\u00e2ncia do patrono Marechal Rondon para integra\u00e7\u00e3o do pa\u00eds, ao longo da hist\u00f3ria, e destacou que as a\u00e7\u00f5es na \u00e1rea da comunica\u00e7\u00e3o promovem, na atualidade, integra\u00e7\u00e3o digital e social. \"Hoje esse pr\u00eamio faz uma homenagem ao Marechal Rondon, que desbravou as fronteiras do Brasil, e se identifica muito com o Governo Federal que est\u00e1 desbravando as fronteiras digitais, levando internet para os brasileiros\", destacou.</p>\r\n<p><span>Avan\u00e7o na \u00e1rea das comunica\u00e7\u00f5es</span>\u00a0\u2014 As iniciativas conduzidas pelo Minist\u00e9rio das Comunica\u00e7\u00f5es ampliam o acesso \u00e0 informa\u00e7\u00e3o e j\u00e1 retiraram do deserto digital mais de 9 milh\u00f5es de pessoas. \"N\u00f3s estamos engajados em cumprir a miss\u00e3o de conectar todos os brasileiros que est\u00e3o sem internet no Brasil\", reiterou F\u00e1bio Faria.</p>\r\n<p>Durante a cerim\u00f4nia, o ministro enfatizou as a\u00e7\u00f5es que fortalecem o setor de radiodifus\u00e3o, como as medidas para desburocratiza\u00e7\u00e3o de processos, migra\u00e7\u00e3o AM-FM, programa Digitaliza Brasil e a portaria que determina a habilita\u00e7\u00e3o para recep\u00e7\u00e3o da r\u00e1dio FM nos celulares.</p>\r\n<p>No \u00e2mbito das telecomunica\u00e7\u00f5es, destacam-se os programas Wi-Fi Brasil, Norte e Nordeste Conectado, Cidades Digitais, Computadores para Inclus\u00e3o, as destina\u00e7\u00f5es do Fundo para o Desenvolvimento Tecnol\u00f3gico das Telecomunica\u00e7\u00f5es, as emiss\u00f5es de debentures incentivadas para fomentar os investimentos no setor e as parcerias para instala\u00e7\u00e3o de cabos submarinos.</p>\r\n<p><span>Patrono das Comunica\u00e7\u00f5es</span>\u00a0\u2014 C\u00e2ndido Mariano da Silva Rondon, conhecido como Marechal Rondon, dedicou-se \u00e0 liga\u00e7\u00e3o de regi\u00f5es de fronteira e do sert\u00e3o brasileiro aos principais centros urbanos. A hist\u00f3ria conta que Rondon desbravou mais de 50 mil quil\u00f4metros de sert\u00e3o e estendeu mais de 2 mil quil\u00f4metros de fios de cobre pelas regi\u00f5es do pa\u00eds, ligando as \u00e1reas de dif\u00edcil acesso pela comunica\u00e7\u00e3o do tel\u00e9grafo. Sua trajet\u00f3ria tamb\u00e9m \u00e9 conhecida pelo empenho na integra\u00e7\u00e3o de ind\u00edgenas \u00e0 civiliza\u00e7\u00e3o.</p>", "author_name": "igor", "version": "1.0", "author_url": "https://www.pocone.mt.leg.br/author/igor", "provider_name": "C\u00e2mara Municipal de Pocon\u00e9", "type": "rich"}